{"id":7710,"date":"2019-11-06T17:57:42","date_gmt":"2019-11-06T16:57:42","guid":{"rendered":"https:\/\/stk2019.acceseo.com.es\/per-que-diferenciar-el-teu-telefon-privat-del-teu-telefon-profesional\/"},"modified":"2019-11-06T17:57:42","modified_gmt":"2019-11-06T16:57:42","slug":"per-que-diferenciar-el-teu-telefon-privat-del-teu-telefon-profesional","status":"publish","type":"post","link":"https:\/\/www.atenciondellamadas.net\/ca\/per-que-diferenciar-el-teu-telefon-privat-del-teu-telefon-profesional\/","title":{"rendered":"Per qu\u00e8 diferenciar el teu tel\u00e8fon privat del teu tel\u00e8fon profesional?"},"content":{"rendered":"<p>A causa del sector en el qual desenvolupem la nostra activitat estem cont\u00ednuament en contacte amb aquest tipus de dubtes i, en general, descobrim que les empreses i els professionals aut\u00f2noms no tenen clar encara perqu\u00e8 no \u00e9s bona idea utilitzar el teu tel\u00e8fon personal en el teu negoci. Nosaltres insistim en tres elements clau:<\/p>\n<ul>\n<li><strong>Imatge<\/strong>.<\/li>\n<\/ul>\n<p>Quan el possible client fa \u00fas de la informaci\u00f3 de contacte d&#8217;una empresa busca la professionalitat i el n\u00famero de tel\u00e8fon al que han de fer la seua consulta \u00e9s el primer gra\u00f3 per a demostrar que cuidem cada detall. Un tel\u00e8fon fixe vinculat cont\u00ednuament a un contestador o un n\u00famero de tel\u00e8fon m\u00f2bil poden donar una idea err\u00f2nia de la grand\u00e0ria de l&#8217;empresa i, probablement, genere desconfian\u00e7a respecte a la capacitat del teu negoci per a abordar un determinat treball. Les l\u00ednies m\u00f2bils s\u00f3n d&#8217;indiscutible utilitat per\u00f2 no s\u00f3n incompatibles amb un n\u00famero de contacte amb prefix nacional que, a m\u00e9s de transmetre confian\u00e7a, en moltes ocasions s\u00f3n gratu\u00efts per a qui crida i fins i tot podem disposar d&#8217;un prefix per a cadascuna de les regions on treballem per un cost sorprenentment baix. Sens dubte una notable picada d&#8217;ullet cap al client gr\u00e0cies a l&#8217;efecte proximitat que a\u00e7\u00f2 transmet.<\/p>\n<ul>\n<li><strong>Productivitat<\/strong>.<\/li>\n<\/ul>\n<p>Per molt que hagen evolucionat les funcions de gesti\u00f3 de trucades com els SMS de trucades perdudes, b\u00fastia de veu, missatges de cortesia, etc., segueixen sense aconseguir els beneficis d&#8217;una l\u00ednia fixa amb alguns serveis addicionals. Apagar el m\u00f2bil i deixar saltar el contestador o la locuci\u00f3 est\u00e0ndard de la teua companyia telef\u00f2nica no \u00e9s una soluci\u00f3 pr\u00e0ctica a les trucades fora de l&#8217;horari d&#8217;atenci\u00f3 al client o quan est\u00e0s ocupat, ja que la gent no confia que aquets missatges arriben a ser escoltats i, en general, ni deixen el missatge ni tornen a cridar. Encara que la trucada no haja pogut ser atesa \u00e9s necessari comptar amb un sistema pr\u00e0ctic de registre, recepci\u00f3 i posterior contacte i, freq\u00fcentment, el m\u00f2bil no \u00e9s la millor eina per a portar aquest seguiment. Moltes empreses encara desconeixen que des de la seua l\u00ednia fixa poden gestionar tot el tr\u00e0fic de trucades del seu negoci guanyant en temps i en tracte al client vinculant, per exemple, la b\u00fastia de veu o el fax amb l&#8217;email sense necessitat d&#8217;estar cont\u00ednuament consultant inc\u00f2modes serveis a trav\u00e9s del teclat del tel\u00e8fon.<\/p>\n<ul>\n<li><strong>Privacitat<\/strong>.<\/li>\n<\/ul>\n<p>Navegant per la web de la <a href=\"http:\/\/www.cmt.es\/cmt_ptl_ext\/SelectOption.do\" target=\"_blank\" rel=\"noopener noreferrer\">Comissi\u00f3 del Mercat de les Telecomunicacions<\/a> trobem informaci\u00f3 molt rellevant per a con\u00e8ixer a qui t\u00e9 acc\u00e9s al nostre n\u00famero de tel\u00e8fon i qu\u00e8 pot fer amb ell (i amb d&#8217;altra informaci\u00f3 personal):<\/p>\n<blockquote><p>Tots els operadors suminstren les dades dels seus abonats a una plataforma inform\u00e0tica que aboca aqueixos fitxers a un sistema de consultes i aix\u00ed poder elaborar, per part de certs serveis i empreses, guies telef\u00f2niques i directoris comercials. Evidentment podem escollir no apar\u00e8ixer en les guies per\u00f2 aix\u00ed i tot alguns serveis poden seguir accedint a aqueixes dades, i per descomptat sempre sol\u00b7licitant-ho a trav\u00e9s de l&#8217;operador (amb tota la paperassa que a\u00e7\u00f2 comporta). Per a aquells usuaris que no volen rebre publicitat han de, de nou, sol\u00b7licitar-ho al seu operador. Un punt important \u00e9s que el sistema no funciona a l&#8217;inrev\u00e9s. \u00c9s a dir que no podem aconseguir informaci\u00f3 a trav\u00e9s d&#8217;un n\u00famero de tel\u00e8fon, o el que \u00e9s el mateix nom\u00e9s qui t\u00e9 acc\u00e9s a aqueixa plataforma inform\u00e0tica pot con\u00e8ixer la informaci\u00f3 lligada al teu n\u00famero de tel\u00e8fon.<\/p><\/blockquote>\n<p>Aquest extracte que hem elaborat resumeix per si solament els desavantatges d&#8217;exposar el teu n\u00famero personal a encara m\u00e9s bases de dades. Que accedisquen a les nostres dades telef\u00f2niques no podem evitar-ho per\u00f2 per descomptat com m\u00e9s gran siga el nombre de vies per les quals circula el nostre tel\u00e8fon personal major ser\u00e0 el risc de rebre trucades publicit\u00e0ries, missatges de text i gr\u00e0cies a les noves tecnologies fins i tot emails que omplen la nostra b\u00fastia de veu i minen el nostre temps \u00fatil.<\/p>\n<div><\/div>\n<div style='text-align:center' class='yasr-auto-insert-visitor'><!--Yasr Visitor Votes Shortcode--><div id='yasr_visitor_votes_9535cf26ca680' class='yasr-visitor-votes'><div class=\"yasr-custom-text-vv-before yasr-custom-text-vv-before-7710\">\u00a1Haz clic para puntuar esta entrada!<\/div><div id='yasr-vv-second-row-container-9535cf26ca680'\r\n                                        class='yasr-vv-second-row-container'><div id='yasr-visitor-votes-rater-9535cf26ca680'\r\n                                      class='yasr-rater-stars-vv'\r\n                                      data-rater-postid='7710'\r\n                                      data-rating='0'\r\n                                      data-rater-starsize='24'\r\n                                      data-rater-readonly='false'\r\n                                      data-rater-nonce='d05a0de49e'\r\n                                      data-issingular='false'\r\n                                    ><\/div><div class=\"yasr-vv-stats-text-container\" id=\"yasr-vv-stats-text-container-9535cf26ca680\"><svg xmlns=\"https:\/\/www.w3.org\/2000\/svg\" width=\"20\" height=\"20\"\r\n                                   class=\"yasr-dashicons-visitor-stats\"\r\n                                   data-postid=\"7710\"\r\n                                   id=\"yasr-stats-dashicon-9535cf26ca680\">\r\n                                   <path d=\"M18 18v-16h-4v16h4zM12 18v-11h-4v11h4zM6 18v-8h-4v8h4z\"><\/path>\r\n                               <\/svg><span id=\"yasr-vv-text-container-9535cf26ca680\" class=\"yasr-vv-text-container\">(Votos: <span id=\"yasr-vv-votes-number-container-9535cf26ca680\">0<\/span>  Promedio: <span id=\"yasr-vv-average-container-9535cf26ca680\">0<\/span>)<\/span><\/div><div id='yasr-vv-loader-9535cf26ca680' class='yasr-vv-container-loader'><\/div><\/div><div id='yasr-vv-bottom-container-9535cf26ca680'\r\n                              class='yasr-vv-bottom-container'\r\n                              style='display:none'><\/div><\/div><!--End Yasr Visitor Votes Shortcode--><\/div>","protected":false},"excerpt":{"rendered":"<p>A causa del sector en el qual desenvolupem la nostra activitat estem cont\u00ednuament en contacte amb aquest tipus de dubtes i, en general, descobrim que les empreses i els professionals aut\u00f2noms no tenen clar encara perqu\u00e8 no \u00e9s bona idea utilitzar el teu tel\u00e8fon personal en el teu negoci. Nosaltres insistim en tres elements clau: [&hellip;]<\/p>\n","protected":false},"author":1,"featured_media":7708,"comment_status":"open","ping_status":"open","sticky":false,"template":"","format":"standard","meta":{"yasr_overall_rating":0,"yasr_post_is_review":"","yasr_auto_insert_disabled":"","yasr_review_type":"","footnotes":""},"categories":[208,209],"tags":[363,364,365,211,258],"class_list":["post-7710","post","type-post","status-publish","format-standard","has-post-thumbnail","hentry","category-productividad","category-secretaria-virtual-ca","tag-imagen-ca","tag-prefijo-ca","tag-privacidad-ca","tag-productividad-ca","tag-telefono-ca"],"yoast_head":"<!-- This site is optimized with the Yoast SEO plugin v26.3 - https:\/\/yoast.com\/wordpress\/plugins\/seo\/ -->\n<title>Per qu\u00e8 diferenciar el teu tel\u00e8fon privat del teu tel\u00e8fon profesional?<\/title>\n<meta name=\"description\" content=\"Apagar el m\u00f2bil i deixar saltar el contestador o la locuci\u00f3 est\u00e0ndard de la teva companyia telef\u00f2nica no \u00e9s una soluci\u00f3 pr\u00e0ctica a les trucades fora de l&#039;horari.\" \/>\n<meta name=\"robots\" content=\"index, follow, max-snippet:-1, max-image-preview:large, max-video-preview:-1\" \/>\n<link rel=\"canonical\" href=\"https:\/\/www.atenciondellamadas.net\/ca\/per-que-diferenciar-el-teu-telefon-privat-del-teu-telefon-profesional\/\" \/>\n<meta property=\"og:locale\" content=\"ca_ES\" \/>\n<meta property=\"og:type\" content=\"article\" \/>\n<meta property=\"og:title\" content=\"Per qu\u00e8 diferenciar el teu tel\u00e8fon privat del teu tel\u00e8fon profesional?\" \/>\n<meta property=\"og:description\" content=\"Apagar el m\u00f2bil i deixar saltar el contestador o la locuci\u00f3 est\u00e0ndard de la teva companyia telef\u00f2nica no \u00e9s una soluci\u00f3 pr\u00e0ctica a les trucades fora de l&#039;horari.\" \/>\n<meta property=\"og:url\" content=\"https:\/\/www.atenciondellamadas.net\/ca\/per-que-diferenciar-el-teu-telefon-privat-del-teu-telefon-profesional\/\" \/>\n<meta property=\"og:site_name\" content=\"Professionals en Atenci\u00f3 Telef\u00f2nica\" \/>\n<meta property=\"article:publisher\" content=\"http:\/\/www.facebook.com\/stksoluciones\" \/>\n<meta property=\"article:published_time\" content=\"2019-11-06T16:57:42+00:00\" \/>\n<meta property=\"og:image\" content=\"https:\/\/www.atenciondellamadas.net\/wp-content\/uploads\/2011\/08\/mov-1.jpg\" \/>\n\t<meta property=\"og:image:width\" content=\"567\" \/>\n\t<meta property=\"og:image:height\" content=\"249\" \/>\n\t<meta property=\"og:image:type\" content=\"image\/jpeg\" \/>\n<meta name=\"author\" content=\"STK Servicios Virtuales\" \/>\n<meta name=\"twitter:card\" content=\"summary_large_image\" \/>\n<meta name=\"twitter:creator\" content=\"@stksoluciones\" \/>\n<meta name=\"twitter:site\" content=\"@stksoluciones\" \/>\n<meta name=\"twitter:label1\" content=\"Escrit per\" \/>\n\t<meta name=\"twitter:data1\" content=\"STK Servicios Virtuales\" \/>\n\t<meta name=\"twitter:label2\" content=\"Temps estimat de lectura\" \/>\n\t<meta name=\"twitter:data2\" content=\"4 minuts\" \/>\n<script type=\"application\/ld+json\" class=\"yoast-schema-graph\">{\"@context\":\"https:\/\/schema.org\",\"@graph\":[{\"@type\":\"Article\",\"@id\":\"https:\/\/www.atenciondellamadas.net\/ca\/per-que-diferenciar-el-teu-telefon-privat-del-teu-telefon-profesional\/#article\",\"isPartOf\":{\"@id\":\"https:\/\/www.atenciondellamadas.net\/ca\/per-que-diferenciar-el-teu-telefon-privat-del-teu-telefon-profesional\/\"},\"author\":{\"name\":\"STK Servicios Virtuales\",\"@id\":\"https:\/\/www.atenciondellamadas.net\/#\/schema\/person\/1e4cfa217b5cced98d52f2231519e2cc\"},\"headline\":\"Per qu\u00e8 diferenciar el teu tel\u00e8fon privat del teu tel\u00e8fon profesional?\",\"datePublished\":\"2019-11-06T16:57:42+00:00\",\"mainEntityOfPage\":{\"@id\":\"https:\/\/www.atenciondellamadas.net\/ca\/per-que-diferenciar-el-teu-telefon-privat-del-teu-telefon-profesional\/\"},\"wordCount\":755,\"commentCount\":0,\"publisher\":{\"@id\":\"https:\/\/www.atenciondellamadas.net\/#organization\"},\"image\":{\"@id\":\"https:\/\/www.atenciondellamadas.net\/ca\/per-que-diferenciar-el-teu-telefon-privat-del-teu-telefon-profesional\/#primaryimage\"},\"thumbnailUrl\":\"https:\/\/www.atenciondellamadas.net\/wp-content\/uploads\/2011\/08\/mov-1.jpg\",\"keywords\":[\"imagen\",\"prefijo\",\"privacidad\",\"productividad\",\"tel\u00e9fono\"],\"articleSection\":[\"Productividad\",\"Secretaria Virtual\"],\"inLanguage\":\"ca\",\"potentialAction\":[{\"@type\":\"CommentAction\",\"name\":\"Comment\",\"target\":[\"https:\/\/www.atenciondellamadas.net\/ca\/per-que-diferenciar-el-teu-telefon-privat-del-teu-telefon-profesional\/#respond\"]}]},{\"@type\":\"WebPage\",\"@id\":\"https:\/\/www.atenciondellamadas.net\/ca\/per-que-diferenciar-el-teu-telefon-privat-del-teu-telefon-profesional\/\",\"url\":\"https:\/\/www.atenciondellamadas.net\/ca\/per-que-diferenciar-el-teu-telefon-privat-del-teu-telefon-profesional\/\",\"name\":\"Per qu\u00e8 diferenciar el teu tel\u00e8fon privat del teu tel\u00e8fon profesional?\",\"isPartOf\":{\"@id\":\"https:\/\/www.atenciondellamadas.net\/#website\"},\"primaryImageOfPage\":{\"@id\":\"https:\/\/www.atenciondellamadas.net\/ca\/per-que-diferenciar-el-teu-telefon-privat-del-teu-telefon-profesional\/#primaryimage\"},\"image\":{\"@id\":\"https:\/\/www.atenciondellamadas.net\/ca\/per-que-diferenciar-el-teu-telefon-privat-del-teu-telefon-profesional\/#primaryimage\"},\"thumbnailUrl\":\"https:\/\/www.atenciondellamadas.net\/wp-content\/uploads\/2011\/08\/mov-1.jpg\",\"datePublished\":\"2019-11-06T16:57:42+00:00\",\"description\":\"Apagar el m\u00f2bil i deixar saltar el contestador o la locuci\u00f3 est\u00e0ndard de la teva companyia telef\u00f2nica no \u00e9s una soluci\u00f3 pr\u00e0ctica a les trucades fora de l'horari.\",\"breadcrumb\":{\"@id\":\"https:\/\/www.atenciondellamadas.net\/ca\/per-que-diferenciar-el-teu-telefon-privat-del-teu-telefon-profesional\/#breadcrumb\"},\"inLanguage\":\"ca\",\"potentialAction\":[{\"@type\":\"ReadAction\",\"target\":[\"https:\/\/www.atenciondellamadas.net\/ca\/per-que-diferenciar-el-teu-telefon-privat-del-teu-telefon-profesional\/\"]}]},{\"@type\":\"ImageObject\",\"inLanguage\":\"ca\",\"@id\":\"https:\/\/www.atenciondellamadas.net\/ca\/per-que-diferenciar-el-teu-telefon-privat-del-teu-telefon-profesional\/#primaryimage\",\"url\":\"https:\/\/www.atenciondellamadas.net\/wp-content\/uploads\/2011\/08\/mov-1.jpg\",\"contentUrl\":\"https:\/\/www.atenciondellamadas.net\/wp-content\/uploads\/2011\/08\/mov-1.jpg\",\"width\":567,\"height\":249},{\"@type\":\"BreadcrumbList\",\"@id\":\"https:\/\/www.atenciondellamadas.net\/ca\/per-que-diferenciar-el-teu-telefon-privat-del-teu-telefon-profesional\/#breadcrumb\",\"itemListElement\":[{\"@type\":\"ListItem\",\"position\":1,\"name\":\"Inicio\",\"item\":\"https:\/\/www.atenciondellamadas.net\/\"},{\"@type\":\"ListItem\",\"position\":2,\"name\":\"Per qu\u00e8 diferenciar el teu tel\u00e8fon privat del teu tel\u00e8fon profesional?\"}]},{\"@type\":\"WebSite\",\"@id\":\"https:\/\/www.atenciondellamadas.net\/#website\",\"url\":\"https:\/\/www.atenciondellamadas.net\/\",\"name\":\"Professionals en Atenci\u00f3 Telef\u00f2nica\",\"description\":\"Una trucada telef\u00f2nica pot determinar la primera imatge de la teva empresa.\",\"publisher\":{\"@id\":\"https:\/\/www.atenciondellamadas.net\/#organization\"},\"potentialAction\":[{\"@type\":\"SearchAction\",\"target\":{\"@type\":\"EntryPoint\",\"urlTemplate\":\"https:\/\/www.atenciondellamadas.net\/?s={search_term_string}\"},\"query-input\":{\"@type\":\"PropertyValueSpecification\",\"valueRequired\":true,\"valueName\":\"search_term_string\"}}],\"inLanguage\":\"ca\"},{\"@type\":\"Organization\",\"@id\":\"https:\/\/www.atenciondellamadas.net\/#organization\",\"name\":\"STK Servicios Virtuales\",\"url\":\"https:\/\/www.atenciondellamadas.net\/\",\"logo\":{\"@type\":\"ImageObject\",\"inLanguage\":\"ca\",\"@id\":\"https:\/\/www.atenciondellamadas.net\/#\/schema\/logo\/image\/\",\"url\":\"https:\/\/www.atenciondellamadas.net\/wp-content\/uploads\/2019\/10\/logo.svg\",\"contentUrl\":\"https:\/\/www.atenciondellamadas.net\/wp-content\/uploads\/2019\/10\/logo.svg\",\"width\":274,\"height\":67,\"caption\":\"STK Servicios Virtuales\"},\"image\":{\"@id\":\"https:\/\/www.atenciondellamadas.net\/#\/schema\/logo\/image\/\"},\"sameAs\":[\"http:\/\/www.facebook.com\/stksoluciones\",\"https:\/\/x.com\/stksoluciones\"]},{\"@type\":\"Person\",\"@id\":\"https:\/\/www.atenciondellamadas.net\/#\/schema\/person\/1e4cfa217b5cced98d52f2231519e2cc\",\"name\":\"STK Servicios Virtuales\",\"image\":{\"@type\":\"ImageObject\",\"inLanguage\":\"ca\",\"@id\":\"https:\/\/www.atenciondellamadas.net\/#\/schema\/person\/image\/\",\"url\":\"https:\/\/secure.gravatar.com\/avatar\/8bdec3569fa5358e1db79cdf1f2ae23d?s=96&d=mm&r=g\",\"contentUrl\":\"https:\/\/secure.gravatar.com\/avatar\/8bdec3569fa5358e1db79cdf1f2ae23d?s=96&d=mm&r=g\",\"caption\":\"STK Servicios Virtuales\"}},false]}<\/script>\n<!-- \/ Yoast SEO plugin. -->","yoast_head_json":{"title":"Per qu\u00e8 diferenciar el teu tel\u00e8fon privat del teu tel\u00e8fon profesional?","description":"Apagar el m\u00f2bil i deixar saltar el contestador o la locuci\u00f3 est\u00e0ndard de la teva companyia telef\u00f2nica no \u00e9s una soluci\u00f3 pr\u00e0ctica a les trucades fora de l'horari.","robots":{"index":"index","follow":"follow","max-snippet":"max-snippet:-1","max-image-preview":"max-image-preview:large","max-video-preview":"max-video-preview:-1"},"canonical":"https:\/\/www.atenciondellamadas.net\/ca\/per-que-diferenciar-el-teu-telefon-privat-del-teu-telefon-profesional\/","og_locale":"ca_ES","og_type":"article","og_title":"Per qu\u00e8 diferenciar el teu tel\u00e8fon privat del teu tel\u00e8fon profesional?","og_description":"Apagar el m\u00f2bil i deixar saltar el contestador o la locuci\u00f3 est\u00e0ndard de la teva companyia telef\u00f2nica no \u00e9s una soluci\u00f3 pr\u00e0ctica a les trucades fora de l'horari.","og_url":"https:\/\/www.atenciondellamadas.net\/ca\/per-que-diferenciar-el-teu-telefon-privat-del-teu-telefon-profesional\/","og_site_name":"Professionals en Atenci\u00f3 Telef\u00f2nica","article_publisher":"http:\/\/www.facebook.com\/stksoluciones","article_published_time":"2019-11-06T16:57:42+00:00","og_image":[{"width":567,"height":249,"url":"https:\/\/www.atenciondellamadas.net\/wp-content\/uploads\/2011\/08\/mov-1.jpg","type":"image\/jpeg"}],"author":"STK Servicios Virtuales","twitter_card":"summary_large_image","twitter_creator":"@stksoluciones","twitter_site":"@stksoluciones","twitter_misc":{"Escrit per":"STK Servicios Virtuales","Temps estimat de lectura":"4 minuts"},"schema":{"@context":"https:\/\/schema.org","@graph":[{"@type":"Article","@id":"https:\/\/www.atenciondellamadas.net\/ca\/per-que-diferenciar-el-teu-telefon-privat-del-teu-telefon-profesional\/#article","isPartOf":{"@id":"https:\/\/www.atenciondellamadas.net\/ca\/per-que-diferenciar-el-teu-telefon-privat-del-teu-telefon-profesional\/"},"author":{"name":"STK Servicios Virtuales","@id":"https:\/\/www.atenciondellamadas.net\/#\/schema\/person\/1e4cfa217b5cced98d52f2231519e2cc"},"headline":"Per qu\u00e8 diferenciar el teu tel\u00e8fon privat del teu tel\u00e8fon profesional?","datePublished":"2019-11-06T16:57:42+00:00","mainEntityOfPage":{"@id":"https:\/\/www.atenciondellamadas.net\/ca\/per-que-diferenciar-el-teu-telefon-privat-del-teu-telefon-profesional\/"},"wordCount":755,"commentCount":0,"publisher":{"@id":"https:\/\/www.atenciondellamadas.net\/#organization"},"image":{"@id":"https:\/\/www.atenciondellamadas.net\/ca\/per-que-diferenciar-el-teu-telefon-privat-del-teu-telefon-profesional\/#primaryimage"},"thumbnailUrl":"https:\/\/www.atenciondellamadas.net\/wp-content\/uploads\/2011\/08\/mov-1.jpg","keywords":["imagen","prefijo","privacidad","productividad","tel\u00e9fono"],"articleSection":["Productividad","Secretaria Virtual"],"inLanguage":"ca","potentialAction":[{"@type":"CommentAction","name":"Comment","target":["https:\/\/www.atenciondellamadas.net\/ca\/per-que-diferenciar-el-teu-telefon-privat-del-teu-telefon-profesional\/#respond"]}]},{"@type":"WebPage","@id":"https:\/\/www.atenciondellamadas.net\/ca\/per-que-diferenciar-el-teu-telefon-privat-del-teu-telefon-profesional\/","url":"https:\/\/www.atenciondellamadas.net\/ca\/per-que-diferenciar-el-teu-telefon-privat-del-teu-telefon-profesional\/","name":"Per qu\u00e8 diferenciar el teu tel\u00e8fon privat del teu tel\u00e8fon profesional?","isPartOf":{"@id":"https:\/\/www.atenciondellamadas.net\/#website"},"primaryImageOfPage":{"@id":"https:\/\/www.atenciondellamadas.net\/ca\/per-que-diferenciar-el-teu-telefon-privat-del-teu-telefon-profesional\/#primaryimage"},"image":{"@id":"https:\/\/www.atenciondellamadas.net\/ca\/per-que-diferenciar-el-teu-telefon-privat-del-teu-telefon-profesional\/#primaryimage"},"thumbnailUrl":"https:\/\/www.atenciondellamadas.net\/wp-content\/uploads\/2011\/08\/mov-1.jpg","datePublished":"2019-11-06T16:57:42+00:00","description":"Apagar el m\u00f2bil i deixar saltar el contestador o la locuci\u00f3 est\u00e0ndard de la teva companyia telef\u00f2nica no \u00e9s una soluci\u00f3 pr\u00e0ctica a les trucades fora de l'horari.","breadcrumb":{"@id":"https:\/\/www.atenciondellamadas.net\/ca\/per-que-diferenciar-el-teu-telefon-privat-del-teu-telefon-profesional\/#breadcrumb"},"inLanguage":"ca","potentialAction":[{"@type":"ReadAction","target":["https:\/\/www.atenciondellamadas.net\/ca\/per-que-diferenciar-el-teu-telefon-privat-del-teu-telefon-profesional\/"]}]},{"@type":"ImageObject","inLanguage":"ca","@id":"https:\/\/www.atenciondellamadas.net\/ca\/per-que-diferenciar-el-teu-telefon-privat-del-teu-telefon-profesional\/#primaryimage","url":"https:\/\/www.atenciondellamadas.net\/wp-content\/uploads\/2011\/08\/mov-1.jpg","contentUrl":"https:\/\/www.atenciondellamadas.net\/wp-content\/uploads\/2011\/08\/mov-1.jpg","width":567,"height":249},{"@type":"BreadcrumbList","@id":"https:\/\/www.atenciondellamadas.net\/ca\/per-que-diferenciar-el-teu-telefon-privat-del-teu-telefon-profesional\/#breadcrumb","itemListElement":[{"@type":"ListItem","position":1,"name":"Inicio","item":"https:\/\/www.atenciondellamadas.net\/"},{"@type":"ListItem","position":2,"name":"Per qu\u00e8 diferenciar el teu tel\u00e8fon privat del teu tel\u00e8fon profesional?"}]},{"@type":"WebSite","@id":"https:\/\/www.atenciondellamadas.net\/#website","url":"https:\/\/www.atenciondellamadas.net\/","name":"Professionals en Atenci\u00f3 Telef\u00f2nica","description":"Una trucada telef\u00f2nica pot determinar la primera imatge de la teva empresa.","publisher":{"@id":"https:\/\/www.atenciondellamadas.net\/#organization"},"potentialAction":[{"@type":"SearchAction","target":{"@type":"EntryPoint","urlTemplate":"https:\/\/www.atenciondellamadas.net\/?s={search_term_string}"},"query-input":{"@type":"PropertyValueSpecification","valueRequired":true,"valueName":"search_term_string"}}],"inLanguage":"ca"},{"@type":"Organization","@id":"https:\/\/www.atenciondellamadas.net\/#organization","name":"STK Servicios Virtuales","url":"https:\/\/www.atenciondellamadas.net\/","logo":{"@type":"ImageObject","inLanguage":"ca","@id":"https:\/\/www.atenciondellamadas.net\/#\/schema\/logo\/image\/","url":"https:\/\/www.atenciondellamadas.net\/wp-content\/uploads\/2019\/10\/logo.svg","contentUrl":"https:\/\/www.atenciondellamadas.net\/wp-content\/uploads\/2019\/10\/logo.svg","width":274,"height":67,"caption":"STK Servicios Virtuales"},"image":{"@id":"https:\/\/www.atenciondellamadas.net\/#\/schema\/logo\/image\/"},"sameAs":["http:\/\/www.facebook.com\/stksoluciones","https:\/\/x.com\/stksoluciones"]},{"@type":"Person","@id":"https:\/\/www.atenciondellamadas.net\/#\/schema\/person\/1e4cfa217b5cced98d52f2231519e2cc","name":"STK Servicios Virtuales","image":{"@type":"ImageObject","inLanguage":"ca","@id":"https:\/\/www.atenciondellamadas.net\/#\/schema\/person\/image\/","url":"https:\/\/secure.gravatar.com\/avatar\/8bdec3569fa5358e1db79cdf1f2ae23d?s=96&d=mm&r=g","contentUrl":"https:\/\/secure.gravatar.com\/avatar\/8bdec3569fa5358e1db79cdf1f2ae23d?s=96&d=mm&r=g","caption":"STK Servicios Virtuales"}},false]}},"yasr_visitor_votes":{"stars_attributes":{"read_only":false,"span_bottom":false},"number_of_votes":0,"sum_votes":0},"_links":{"self":[{"href":"https:\/\/www.atenciondellamadas.net\/ca\/wp-json\/wp\/v2\/posts\/7710","targetHints":{"allow":["GET"]}}],"collection":[{"href":"https:\/\/www.atenciondellamadas.net\/ca\/wp-json\/wp\/v2\/posts"}],"about":[{"href":"https:\/\/www.atenciondellamadas.net\/ca\/wp-json\/wp\/v2\/types\/post"}],"author":[{"embeddable":true,"href":"https:\/\/www.atenciondellamadas.net\/ca\/wp-json\/wp\/v2\/users\/1"}],"replies":[{"embeddable":true,"href":"https:\/\/www.atenciondellamadas.net\/ca\/wp-json\/wp\/v2\/comments?post=7710"}],"version-history":[{"count":0,"href":"https:\/\/www.atenciondellamadas.net\/ca\/wp-json\/wp\/v2\/posts\/7710\/revisions"}],"wp:featuredmedia":[{"embeddable":true,"href":"https:\/\/www.atenciondellamadas.net\/ca\/wp-json\/wp\/v2\/media\/7708"}],"wp:attachment":[{"href":"https:\/\/www.atenciondellamadas.net\/ca\/wp-json\/wp\/v2\/media?parent=7710"}],"wp:term":[{"taxonomy":"category","embeddable":true,"href":"https:\/\/www.atenciondellamadas.net\/ca\/wp-json\/wp\/v2\/categories?post=7710"},{"taxonomy":"post_tag","embeddable":true,"href":"https:\/\/www.atenciondellamadas.net\/ca\/wp-json\/wp\/v2\/tags?post=7710"}],"curies":[{"name":"wp","href":"https:\/\/api.w.org\/{rel}","templated":true}]}}