{"id":7705,"date":"2019-11-06T17:53:30","date_gmt":"2019-11-06T16:53:30","guid":{"rendered":"https:\/\/stk2019.acceseo.com.es\/ser-el-millor-o-el-menys-pitjor\/"},"modified":"2019-11-06T17:53:30","modified_gmt":"2019-11-06T16:53:30","slug":"ser-el-millor-o-el-menys-pitjor","status":"publish","type":"post","link":"https:\/\/www.atenciondellamadas.net\/ca\/ser-el-millor-o-el-menys-pitjor\/","title":{"rendered":"Ser el millor o el menys pitjor?"},"content":{"rendered":"<p>El perqu\u00e8 la classe mitjana-baixa recolza les reduccions fiscals als rics ha deixat de ser un misteri. Economistes i soci\u00f2legs nord-americans semblaven haver arribat a la conclusi\u00f3 que la il\u00b7lusi\u00f3 d&#8217;aspirar a ser alguna vegada igual de rics els feia condescendients davant la pujada d&#8217;impostos a les grans fortunes. Doncs b\u00e9, ja podem estriparr-nos les vestidures perqu\u00e8 per sort o per desgr\u00e0cia semblen haver arribat a una teoria m\u00e9s contrastada despr\u00e9s de diversos estudis concloents del <a href=\"http:\/\/pewresearch.org\/\" target=\"_blank\" rel=\"noopener noreferrer\">Pew Research Center<\/a> que b\u00e9 podem aplicar a la resta de pa\u00efsos occidentals:<\/p>\n<blockquote><p>Les persones hem desenvolupat una &#8220;f\u00f2bia a l&#8217;\u00faltim lloc&#8221;, \u00e9s a dir, a estar en l&#8217;\u00faltim gra\u00f3.<\/p><\/blockquote>\n<h2>L&#8217;experiment:<\/h2>\n<p>Els autors van realitzar una s\u00e8rie d&#8217;experiments, on a diversos estudiants se&#8217;ls van assignar aleat\u00f2riament quantitats de diners separats per un d\u00f2lar i van informar a tots sobre el restulat de la distribuci\u00f3 dels diners. Se&#8217;ls van donar altres 2 d\u00f2lars, que podrien donar b\u00e9 a la persona directament damunt o sota ells en la distribuci\u00f3. D&#8217;acord amb la noci\u00f3 de la &#8220;f\u00f2bia a l&#8217;\u00faltim lloc&#8221;, la gent que estava propera a la part econ\u00f2micament inferior van ser els m\u00e9s propensos a donar els diners a la persona per que estava per sobre d&#8217;ells: \u00e9s a dir, premiar als &#8220;rics&#8221; i assegurar-se que alg\u00fa seguia sent m\u00e9s pobres que ells mateixos . A aquells que no estaven en risc de convertir-se en els m\u00e9s pobres no semblava importar-li caure un lloc en l&#8217;escala econ\u00f2mica i no es va observar una tend\u00e8ncia clara cap a qui donaven els seus diners extres.<\/p>\n<p>Aquesta &#8220;f\u00f2bia a l&#8217;\u00faltim lloc&#8221; ser\u00e0 comprensible per a uns i menyspreable per a uns altres per\u00f2 sens dubte, i aplicat als negocis independentment de la seua grand\u00e0ria, ens ve com a anell al dit perqu\u00e8 cadascun de nosaltres fa\u00e7a la seg\u00fcent reflexi\u00f3: preferim esfor\u00e7ar-nos a ser els millors? o, per altra banda, ens conformarem amb no ser els pitjors?<\/p>\n<div style='text-align:center' class='yasr-auto-insert-visitor'><!--Yasr Visitor Votes Shortcode--><div id='yasr_visitor_votes_7e16c9fb94624' class='yasr-visitor-votes'><div class=\"yasr-custom-text-vv-before yasr-custom-text-vv-before-7705\">\u00a1Haz clic para puntuar esta entrada!<\/div><div id='yasr-vv-second-row-container-7e16c9fb94624'\r\n                                        class='yasr-vv-second-row-container'><div id='yasr-visitor-votes-rater-7e16c9fb94624'\r\n                                      class='yasr-rater-stars-vv'\r\n                                      data-rater-postid='7705'\r\n                                      data-rating='0'\r\n                                      data-rater-starsize='24'\r\n                                      data-rater-readonly='false'\r\n                                      data-rater-nonce='c6b92ee94d'\r\n                                      data-issingular='false'\r\n                                    ><\/div><div class=\"yasr-vv-stats-text-container\" id=\"yasr-vv-stats-text-container-7e16c9fb94624\"><svg xmlns=\"https:\/\/www.w3.org\/2000\/svg\" width=\"20\" height=\"20\"\r\n                                   class=\"yasr-dashicons-visitor-stats\"\r\n                                   data-postid=\"7705\"\r\n                                   id=\"yasr-stats-dashicon-7e16c9fb94624\">\r\n                                   <path d=\"M18 18v-16h-4v16h4zM12 18v-11h-4v11h4zM6 18v-8h-4v8h4z\"><\/path>\r\n                               <\/svg><span id=\"yasr-vv-text-container-7e16c9fb94624\" class=\"yasr-vv-text-container\">(Votos: <span id=\"yasr-vv-votes-number-container-7e16c9fb94624\">0<\/span>  Promedio: <span id=\"yasr-vv-average-container-7e16c9fb94624\">0<\/span>)<\/span><\/div><div id='yasr-vv-loader-7e16c9fb94624' class='yasr-vv-container-loader'><\/div><\/div><div id='yasr-vv-bottom-container-7e16c9fb94624'\r\n                              class='yasr-vv-bottom-container'\r\n                              style='display:none'><\/div><\/div><!--End Yasr Visitor Votes Shortcode--><\/div>","protected":false},"excerpt":{"rendered":"<p>El perqu\u00e8 la classe mitjana-baixa recolza les reduccions fiscals als rics ha deixat de ser un misteri. Economistes i soci\u00f2legs nord-americans semblaven haver arribat a la conclusi\u00f3 que la il\u00b7lusi\u00f3 d&#8217;aspirar a ser alguna vegada igual de rics els feia condescendients davant la pujada d&#8217;impostos a les grans fortunes. Doncs b\u00e9, ja podem estriparr-nos les [&hellip;]<\/p>\n","protected":false},"author":1,"featured_media":7485,"comment_status":"open","ping_status":"open","sticky":false,"template":"","format":"standard","meta":{"yasr_overall_rating":0,"yasr_post_is_review":"","yasr_auto_insert_disabled":"","yasr_review_type":"","footnotes":""},"categories":[218],"tags":[265,299,362],"class_list":["post-7705","post","type-post","status-publish","format-standard","has-post-thumbnail","hentry","category-economia-ca","tag-economia","tag-estudio-ca","tag-riqueza-ca"],"yoast_head":"<!-- This site is optimized with the Yoast SEO plugin v26.3 - https:\/\/yoast.com\/wordpress\/plugins\/seo\/ -->\n<title>Ser el millor o el menys pitjor?<\/title>\n<meta name=\"description\" content=\"\u00bfPreferim esfor\u00e7ar-nos a ser els millors? o, per contra extrem, ens conformarem amb no ser els pitjors?\" \/>\n<meta name=\"robots\" content=\"index, follow, max-snippet:-1, max-image-preview:large, max-video-preview:-1\" \/>\n<link rel=\"canonical\" href=\"https:\/\/www.atenciondellamadas.net\/ca\/ser-el-millor-o-el-menys-pitjor\/\" \/>\n<meta property=\"og:locale\" content=\"ca_ES\" \/>\n<meta property=\"og:type\" content=\"article\" \/>\n<meta property=\"og:title\" content=\"Ser el millor o el menys pitjor?\" \/>\n<meta property=\"og:description\" content=\"\u00bfPreferim esfor\u00e7ar-nos a ser els millors? o, per contra extrem, ens conformarem amb no ser els pitjors?\" \/>\n<meta property=\"og:url\" content=\"https:\/\/www.atenciondellamadas.net\/ca\/ser-el-millor-o-el-menys-pitjor\/\" \/>\n<meta property=\"og:site_name\" content=\"Professionals en Atenci\u00f3 Telef\u00f2nica\" \/>\n<meta property=\"article:publisher\" content=\"http:\/\/www.facebook.com\/stksoluciones\" \/>\n<meta property=\"article:published_time\" content=\"2019-11-06T16:53:30+00:00\" \/>\n<meta property=\"og:image\" content=\"https:\/\/www.atenciondellamadas.net\/wp-content\/uploads\/2011\/09\/stk_escalera_mejor.png\" \/>\n\t<meta property=\"og:image:width\" content=\"567\" \/>\n\t<meta property=\"og:image:height\" content=\"249\" \/>\n\t<meta property=\"og:image:type\" content=\"image\/png\" \/>\n<meta name=\"author\" content=\"STK Servicios Virtuales\" \/>\n<meta name=\"twitter:card\" content=\"summary_large_image\" \/>\n<meta name=\"twitter:creator\" content=\"@stksoluciones\" \/>\n<meta name=\"twitter:site\" content=\"@stksoluciones\" \/>\n<meta name=\"twitter:label1\" content=\"Escrit per\" \/>\n\t<meta name=\"twitter:data1\" content=\"STK Servicios Virtuales\" \/>\n\t<meta name=\"twitter:label2\" content=\"Temps estimat de lectura\" \/>\n\t<meta name=\"twitter:data2\" content=\"2 minuts\" \/>\n<script type=\"application\/ld+json\" class=\"yoast-schema-graph\">{\"@context\":\"https:\/\/schema.org\",\"@graph\":[{\"@type\":\"Article\",\"@id\":\"https:\/\/www.atenciondellamadas.net\/ca\/ser-el-millor-o-el-menys-pitjor\/#article\",\"isPartOf\":{\"@id\":\"https:\/\/www.atenciondellamadas.net\/ca\/ser-el-millor-o-el-menys-pitjor\/\"},\"author\":{\"name\":\"STK Servicios Virtuales\",\"@id\":\"https:\/\/www.atenciondellamadas.net\/#\/schema\/person\/1e4cfa217b5cced98d52f2231519e2cc\"},\"headline\":\"Ser el millor o el menys pitjor?\",\"datePublished\":\"2019-11-06T16:53:30+00:00\",\"mainEntityOfPage\":{\"@id\":\"https:\/\/www.atenciondellamadas.net\/ca\/ser-el-millor-o-el-menys-pitjor\/\"},\"wordCount\":358,\"commentCount\":0,\"publisher\":{\"@id\":\"https:\/\/www.atenciondellamadas.net\/#organization\"},\"image\":{\"@id\":\"https:\/\/www.atenciondellamadas.net\/ca\/ser-el-millor-o-el-menys-pitjor\/#primaryimage\"},\"thumbnailUrl\":\"https:\/\/www.atenciondellamadas.net\/wp-content\/uploads\/2011\/09\/stk_escalera_mejor.png\",\"keywords\":[\"econom\u00eda\",\"estudio\",\"riqueza\"],\"articleSection\":[\"Econom\u00eda\"],\"inLanguage\":\"ca\",\"potentialAction\":[{\"@type\":\"CommentAction\",\"name\":\"Comment\",\"target\":[\"https:\/\/www.atenciondellamadas.net\/ca\/ser-el-millor-o-el-menys-pitjor\/#respond\"]}]},{\"@type\":\"WebPage\",\"@id\":\"https:\/\/www.atenciondellamadas.net\/ca\/ser-el-millor-o-el-menys-pitjor\/\",\"url\":\"https:\/\/www.atenciondellamadas.net\/ca\/ser-el-millor-o-el-menys-pitjor\/\",\"name\":\"Ser el millor o el menys pitjor?\",\"isPartOf\":{\"@id\":\"https:\/\/www.atenciondellamadas.net\/#website\"},\"primaryImageOfPage\":{\"@id\":\"https:\/\/www.atenciondellamadas.net\/ca\/ser-el-millor-o-el-menys-pitjor\/#primaryimage\"},\"image\":{\"@id\":\"https:\/\/www.atenciondellamadas.net\/ca\/ser-el-millor-o-el-menys-pitjor\/#primaryimage\"},\"thumbnailUrl\":\"https:\/\/www.atenciondellamadas.net\/wp-content\/uploads\/2011\/09\/stk_escalera_mejor.png\",\"datePublished\":\"2019-11-06T16:53:30+00:00\",\"description\":\"\u00bfPreferim esfor\u00e7ar-nos a ser els millors? o, per contra extrem, ens conformarem amb no ser els pitjors?\",\"breadcrumb\":{\"@id\":\"https:\/\/www.atenciondellamadas.net\/ca\/ser-el-millor-o-el-menys-pitjor\/#breadcrumb\"},\"inLanguage\":\"ca\",\"potentialAction\":[{\"@type\":\"ReadAction\",\"target\":[\"https:\/\/www.atenciondellamadas.net\/ca\/ser-el-millor-o-el-menys-pitjor\/\"]}]},{\"@type\":\"ImageObject\",\"inLanguage\":\"ca\",\"@id\":\"https:\/\/www.atenciondellamadas.net\/ca\/ser-el-millor-o-el-menys-pitjor\/#primaryimage\",\"url\":\"https:\/\/www.atenciondellamadas.net\/wp-content\/uploads\/2011\/09\/stk_escalera_mejor.png\",\"contentUrl\":\"https:\/\/www.atenciondellamadas.net\/wp-content\/uploads\/2011\/09\/stk_escalera_mejor.png\",\"width\":567,\"height\":249},{\"@type\":\"BreadcrumbList\",\"@id\":\"https:\/\/www.atenciondellamadas.net\/ca\/ser-el-millor-o-el-menys-pitjor\/#breadcrumb\",\"itemListElement\":[{\"@type\":\"ListItem\",\"position\":1,\"name\":\"Inicio\",\"item\":\"https:\/\/www.atenciondellamadas.net\/\"},{\"@type\":\"ListItem\",\"position\":2,\"name\":\"Ser el millor o el menys pitjor?\"}]},{\"@type\":\"WebSite\",\"@id\":\"https:\/\/www.atenciondellamadas.net\/#website\",\"url\":\"https:\/\/www.atenciondellamadas.net\/\",\"name\":\"Professionals en Atenci\u00f3 Telef\u00f2nica\",\"description\":\"Una trucada telef\u00f2nica pot determinar la primera imatge de la teva empresa.\",\"publisher\":{\"@id\":\"https:\/\/www.atenciondellamadas.net\/#organization\"},\"potentialAction\":[{\"@type\":\"SearchAction\",\"target\":{\"@type\":\"EntryPoint\",\"urlTemplate\":\"https:\/\/www.atenciondellamadas.net\/?s={search_term_string}\"},\"query-input\":{\"@type\":\"PropertyValueSpecification\",\"valueRequired\":true,\"valueName\":\"search_term_string\"}}],\"inLanguage\":\"ca\"},{\"@type\":\"Organization\",\"@id\":\"https:\/\/www.atenciondellamadas.net\/#organization\",\"name\":\"STK Servicios Virtuales\",\"url\":\"https:\/\/www.atenciondellamadas.net\/\",\"logo\":{\"@type\":\"ImageObject\",\"inLanguage\":\"ca\",\"@id\":\"https:\/\/www.atenciondellamadas.net\/#\/schema\/logo\/image\/\",\"url\":\"https:\/\/www.atenciondellamadas.net\/wp-content\/uploads\/2019\/10\/logo.svg\",\"contentUrl\":\"https:\/\/www.atenciondellamadas.net\/wp-content\/uploads\/2019\/10\/logo.svg\",\"width\":274,\"height\":67,\"caption\":\"STK Servicios Virtuales\"},\"image\":{\"@id\":\"https:\/\/www.atenciondellamadas.net\/#\/schema\/logo\/image\/\"},\"sameAs\":[\"http:\/\/www.facebook.com\/stksoluciones\",\"https:\/\/x.com\/stksoluciones\"]},{\"@type\":\"Person\",\"@id\":\"https:\/\/www.atenciondellamadas.net\/#\/schema\/person\/1e4cfa217b5cced98d52f2231519e2cc\",\"name\":\"STK Servicios Virtuales\",\"image\":{\"@type\":\"ImageObject\",\"inLanguage\":\"ca\",\"@id\":\"https:\/\/www.atenciondellamadas.net\/#\/schema\/person\/image\/\",\"url\":\"https:\/\/secure.gravatar.com\/avatar\/8bdec3569fa5358e1db79cdf1f2ae23d?s=96&d=mm&r=g\",\"contentUrl\":\"https:\/\/secure.gravatar.com\/avatar\/8bdec3569fa5358e1db79cdf1f2ae23d?s=96&d=mm&r=g\",\"caption\":\"STK Servicios Virtuales\"}},false]}<\/script>\n<!-- \/ Yoast SEO plugin. -->","yoast_head_json":{"title":"Ser el millor o el menys pitjor?","description":"\u00bfPreferim esfor\u00e7ar-nos a ser els millors? o, per contra extrem, ens conformarem amb no ser els pitjors?","robots":{"index":"index","follow":"follow","max-snippet":"max-snippet:-1","max-image-preview":"max-image-preview:large","max-video-preview":"max-video-preview:-1"},"canonical":"https:\/\/www.atenciondellamadas.net\/ca\/ser-el-millor-o-el-menys-pitjor\/","og_locale":"ca_ES","og_type":"article","og_title":"Ser el millor o el menys pitjor?","og_description":"\u00bfPreferim esfor\u00e7ar-nos a ser els millors? o, per contra extrem, ens conformarem amb no ser els pitjors?","og_url":"https:\/\/www.atenciondellamadas.net\/ca\/ser-el-millor-o-el-menys-pitjor\/","og_site_name":"Professionals en Atenci\u00f3 Telef\u00f2nica","article_publisher":"http:\/\/www.facebook.com\/stksoluciones","article_published_time":"2019-11-06T16:53:30+00:00","og_image":[{"width":567,"height":249,"url":"https:\/\/www.atenciondellamadas.net\/wp-content\/uploads\/2011\/09\/stk_escalera_mejor.png","type":"image\/png"}],"author":"STK Servicios Virtuales","twitter_card":"summary_large_image","twitter_creator":"@stksoluciones","twitter_site":"@stksoluciones","twitter_misc":{"Escrit per":"STK Servicios Virtuales","Temps estimat de lectura":"2 minuts"},"schema":{"@context":"https:\/\/schema.org","@graph":[{"@type":"Article","@id":"https:\/\/www.atenciondellamadas.net\/ca\/ser-el-millor-o-el-menys-pitjor\/#article","isPartOf":{"@id":"https:\/\/www.atenciondellamadas.net\/ca\/ser-el-millor-o-el-menys-pitjor\/"},"author":{"name":"STK Servicios Virtuales","@id":"https:\/\/www.atenciondellamadas.net\/#\/schema\/person\/1e4cfa217b5cced98d52f2231519e2cc"},"headline":"Ser el millor o el menys pitjor?","datePublished":"2019-11-06T16:53:30+00:00","mainEntityOfPage":{"@id":"https:\/\/www.atenciondellamadas.net\/ca\/ser-el-millor-o-el-menys-pitjor\/"},"wordCount":358,"commentCount":0,"publisher":{"@id":"https:\/\/www.atenciondellamadas.net\/#organization"},"image":{"@id":"https:\/\/www.atenciondellamadas.net\/ca\/ser-el-millor-o-el-menys-pitjor\/#primaryimage"},"thumbnailUrl":"https:\/\/www.atenciondellamadas.net\/wp-content\/uploads\/2011\/09\/stk_escalera_mejor.png","keywords":["econom\u00eda","estudio","riqueza"],"articleSection":["Econom\u00eda"],"inLanguage":"ca","potentialAction":[{"@type":"CommentAction","name":"Comment","target":["https:\/\/www.atenciondellamadas.net\/ca\/ser-el-millor-o-el-menys-pitjor\/#respond"]}]},{"@type":"WebPage","@id":"https:\/\/www.atenciondellamadas.net\/ca\/ser-el-millor-o-el-menys-pitjor\/","url":"https:\/\/www.atenciondellamadas.net\/ca\/ser-el-millor-o-el-menys-pitjor\/","name":"Ser el millor o el menys pitjor?","isPartOf":{"@id":"https:\/\/www.atenciondellamadas.net\/#website"},"primaryImageOfPage":{"@id":"https:\/\/www.atenciondellamadas.net\/ca\/ser-el-millor-o-el-menys-pitjor\/#primaryimage"},"image":{"@id":"https:\/\/www.atenciondellamadas.net\/ca\/ser-el-millor-o-el-menys-pitjor\/#primaryimage"},"thumbnailUrl":"https:\/\/www.atenciondellamadas.net\/wp-content\/uploads\/2011\/09\/stk_escalera_mejor.png","datePublished":"2019-11-06T16:53:30+00:00","description":"\u00bfPreferim esfor\u00e7ar-nos a ser els millors? o, per contra extrem, ens conformarem amb no ser els pitjors?","breadcrumb":{"@id":"https:\/\/www.atenciondellamadas.net\/ca\/ser-el-millor-o-el-menys-pitjor\/#breadcrumb"},"inLanguage":"ca","potentialAction":[{"@type":"ReadAction","target":["https:\/\/www.atenciondellamadas.net\/ca\/ser-el-millor-o-el-menys-pitjor\/"]}]},{"@type":"ImageObject","inLanguage":"ca","@id":"https:\/\/www.atenciondellamadas.net\/ca\/ser-el-millor-o-el-menys-pitjor\/#primaryimage","url":"https:\/\/www.atenciondellamadas.net\/wp-content\/uploads\/2011\/09\/stk_escalera_mejor.png","contentUrl":"https:\/\/www.atenciondellamadas.net\/wp-content\/uploads\/2011\/09\/stk_escalera_mejor.png","width":567,"height":249},{"@type":"BreadcrumbList","@id":"https:\/\/www.atenciondellamadas.net\/ca\/ser-el-millor-o-el-menys-pitjor\/#breadcrumb","itemListElement":[{"@type":"ListItem","position":1,"name":"Inicio","item":"https:\/\/www.atenciondellamadas.net\/"},{"@type":"ListItem","position":2,"name":"Ser el millor o el menys pitjor?"}]},{"@type":"WebSite","@id":"https:\/\/www.atenciondellamadas.net\/#website","url":"https:\/\/www.atenciondellamadas.net\/","name":"Professionals en Atenci\u00f3 Telef\u00f2nica","description":"Una trucada telef\u00f2nica pot determinar la primera imatge de la teva empresa.","publisher":{"@id":"https:\/\/www.atenciondellamadas.net\/#organization"},"potentialAction":[{"@type":"SearchAction","target":{"@type":"EntryPoint","urlTemplate":"https:\/\/www.atenciondellamadas.net\/?s={search_term_string}"},"query-input":{"@type":"PropertyValueSpecification","valueRequired":true,"valueName":"search_term_string"}}],"inLanguage":"ca"},{"@type":"Organization","@id":"https:\/\/www.atenciondellamadas.net\/#organization","name":"STK Servicios Virtuales","url":"https:\/\/www.atenciondellamadas.net\/","logo":{"@type":"ImageObject","inLanguage":"ca","@id":"https:\/\/www.atenciondellamadas.net\/#\/schema\/logo\/image\/","url":"https:\/\/www.atenciondellamadas.net\/wp-content\/uploads\/2019\/10\/logo.svg","contentUrl":"https:\/\/www.atenciondellamadas.net\/wp-content\/uploads\/2019\/10\/logo.svg","width":274,"height":67,"caption":"STK Servicios Virtuales"},"image":{"@id":"https:\/\/www.atenciondellamadas.net\/#\/schema\/logo\/image\/"},"sameAs":["http:\/\/www.facebook.com\/stksoluciones","https:\/\/x.com\/stksoluciones"]},{"@type":"Person","@id":"https:\/\/www.atenciondellamadas.net\/#\/schema\/person\/1e4cfa217b5cced98d52f2231519e2cc","name":"STK Servicios Virtuales","image":{"@type":"ImageObject","inLanguage":"ca","@id":"https:\/\/www.atenciondellamadas.net\/#\/schema\/person\/image\/","url":"https:\/\/secure.gravatar.com\/avatar\/8bdec3569fa5358e1db79cdf1f2ae23d?s=96&d=mm&r=g","contentUrl":"https:\/\/secure.gravatar.com\/avatar\/8bdec3569fa5358e1db79cdf1f2ae23d?s=96&d=mm&r=g","caption":"STK Servicios Virtuales"}},false]}},"yasr_visitor_votes":{"stars_attributes":{"read_only":false,"span_bottom":false},"number_of_votes":0,"sum_votes":0},"_links":{"self":[{"href":"https:\/\/www.atenciondellamadas.net\/ca\/wp-json\/wp\/v2\/posts\/7705","targetHints":{"allow":["GET"]}}],"collection":[{"href":"https:\/\/www.atenciondellamadas.net\/ca\/wp-json\/wp\/v2\/posts"}],"about":[{"href":"https:\/\/www.atenciondellamadas.net\/ca\/wp-json\/wp\/v2\/types\/post"}],"author":[{"embeddable":true,"href":"https:\/\/www.atenciondellamadas.net\/ca\/wp-json\/wp\/v2\/users\/1"}],"replies":[{"embeddable":true,"href":"https:\/\/www.atenciondellamadas.net\/ca\/wp-json\/wp\/v2\/comments?post=7705"}],"version-history":[{"count":0,"href":"https:\/\/www.atenciondellamadas.net\/ca\/wp-json\/wp\/v2\/posts\/7705\/revisions"}],"wp:featuredmedia":[{"embeddable":true,"href":"https:\/\/www.atenciondellamadas.net\/ca\/wp-json\/wp\/v2\/media\/7485"}],"wp:attachment":[{"href":"https:\/\/www.atenciondellamadas.net\/ca\/wp-json\/wp\/v2\/media?parent=7705"}],"wp:term":[{"taxonomy":"category","embeddable":true,"href":"https:\/\/www.atenciondellamadas.net\/ca\/wp-json\/wp\/v2\/categories?post=7705"},{"taxonomy":"post_tag","embeddable":true,"href":"https:\/\/www.atenciondellamadas.net\/ca\/wp-json\/wp\/v2\/tags?post=7705"}],"curies":[{"name":"wp","href":"https:\/\/api.w.org\/{rel}","templated":true}]}}