{"id":7624,"date":"2019-11-06T15:20:13","date_gmt":"2019-11-06T14:20:13","guid":{"rendered":"https:\/\/stk2019.acceseo.com.es\/telefon-datencio-al-client-qui-no-en-te-es-perque-no-vol\/"},"modified":"2019-11-06T15:20:13","modified_gmt":"2019-11-06T14:20:13","slug":"telefon-datencio-al-client-qui-no-en-te-es-perque-no-vol","status":"publish","type":"post","link":"https:\/\/www.atenciondellamadas.net\/ca\/telefon-datencio-al-client-qui-no-en-te-es-perque-no-vol\/","title":{"rendered":"Tel\u00e8fon d&#8217;atenci\u00f3 al client; qui no en t\u00e9 \u00e9s perqu\u00e8 no vol."},"content":{"rendered":"<p>Pot semblar obvi per\u00f2 aquesta frase ens ve com a anell al dit per comentar <a href=\"http:\/\/www.publico.es\/dinero\/462565\/las-electricas-rechazan-tener-un-telefono-gratuito-para-clientes-porque-abusarian\" target=\"_blank\" rel=\"noopener noreferrer\">una notica<\/a> que, opinions a banda, sorpr\u00e8n molt a l&#8217;any 2013:<\/p>\n<blockquote><p>\u00a0<strong>Les el\u00e8ctriques rebutgen tenir un tel\u00e8fon gratu\u00eft per a clients perqu\u00e8 &#8220;abusarien&#8221;.<\/strong><\/p>\n<p>Unesa creu que suposaria &#8220;crear un cost per a les empreses comercializadoras&#8221; que, a m\u00e9s, &#8220;amb tota probabilitat&#8221; donaria lloc a\u00a0&#8220;un \u00fas abusiu&#8221;\u00a0per part dels clients &#8220;amb la conseg\u00fcent deterioraci\u00f3 en l&#8217;atenci\u00f3&#8221; als consumidors.<\/p><\/blockquote>\n<p>Existeixen tres factors claus que cal tenir en compte davant la decisi\u00f3 de contractar un <a href=\"http:\/\/www.atenciondellamadas.net\/CA\/servicio\/servicio-externo-de-atencion-al-cliente\/\" target=\"_blank\" rel=\"noopener noreferrer\">servei d&#8217;atenci\u00f3 al client<\/a>:<\/p>\n<ul>\n<li><strong>Productivitat:<\/strong>\u00a0les falses consultes i les trucades no desitjades en general suposen un \u00ednfim percentatge dins del global de consultes. La immensa majoria de les trucades suposen una vertadera cobertura de les necessitats de&#8217;ls nostres clients i, per tant, no solament s\u00f3n \u00fatils sin\u00f3 que suposen una millora en el servei.<\/li>\n<li><strong>Imatge:<\/strong> en el cas de serveis d&#8217;alertes, avaries o consultes t\u00e8cniques d&#8217;usuaris en general, el fet de tenir una l\u00ednia gratu\u00efta d&#8217;atenci\u00f3 al client suposa una millora directa en la percepci\u00f3 de la nostra empresa. I si a m\u00e9s el servei funciona com cal i \u00e9s gestionat per professionals millor que millor per a la nostra imatge.<\/li>\n<li><strong>Rendibilitat:<\/strong> pot semblar extrem oferir el servei gratu\u00eftament per\u00f2 la tornada de la inversi\u00f3 d&#8217;aquest tipus de serveis \u00e9s indiscutible. Aconsellem dedicar temps a cercar el millor prove\u00efdor del servei i assegurar-nos que pagarem per trucada rebuda sense quotes indirectes ni perman\u00e8ncia.<\/li>\n<\/ul>\n<p>A STK sabem que aquests tres factors sempre desemboquen al mateix punt, sense \u00e0nim de portar la contr\u00e0ria, i \u00e9s que no hi ha forma alguna que una l\u00ednia d&#8217;atenci\u00f3 al client (siga gratu\u00efta o pagada) repercutisca negativament en l&#8217;atenci\u00f3 rebuda. \u00c9s una q\u00fcesti\u00f3 no solament de sentit com\u00fa sin\u00f3 de cuidar certs aspectes de la nostra relaci\u00f3 amb els clients.<\/p>\n<p>Al cap i a la fi aquests detalls seran els que marcaran la difer\u00e8ncia a l&#8217;hora d&#8217;elgir entre nosaltres i els nostres competidors.<\/p>\n<div style='text-align:center' class='yasr-auto-insert-visitor'><!--Yasr Visitor Votes Shortcode--><div id='yasr_visitor_votes_3be86ff933e05' class='yasr-visitor-votes'><div class=\"yasr-custom-text-vv-before yasr-custom-text-vv-before-7624\">\u00a1Haz clic para puntuar esta entrada!<\/div><div id='yasr-vv-second-row-container-3be86ff933e05'\r\n                                        class='yasr-vv-second-row-container'><div id='yasr-visitor-votes-rater-3be86ff933e05'\r\n                                      class='yasr-rater-stars-vv'\r\n                                      data-rater-postid='7624'\r\n                                      data-rating='0'\r\n                                      data-rater-starsize='24'\r\n                                      data-rater-readonly='false'\r\n                                      data-rater-nonce='2dc6c78495'\r\n                                      data-issingular='false'\r\n                                    ><\/div><div class=\"yasr-vv-stats-text-container\" id=\"yasr-vv-stats-text-container-3be86ff933e05\"><svg xmlns=\"https:\/\/www.w3.org\/2000\/svg\" width=\"20\" height=\"20\"\r\n                                   class=\"yasr-dashicons-visitor-stats\"\r\n                                   data-postid=\"7624\"\r\n                                   id=\"yasr-stats-dashicon-3be86ff933e05\">\r\n                                   <path d=\"M18 18v-16h-4v16h4zM12 18v-11h-4v11h4zM6 18v-8h-4v8h4z\"><\/path>\r\n                               <\/svg><span id=\"yasr-vv-text-container-3be86ff933e05\" class=\"yasr-vv-text-container\">(Votos: <span id=\"yasr-vv-votes-number-container-3be86ff933e05\">0<\/span>  Promedio: <span id=\"yasr-vv-average-container-3be86ff933e05\">0<\/span>)<\/span><\/div><div id='yasr-vv-loader-3be86ff933e05' class='yasr-vv-container-loader'><\/div><\/div><div id='yasr-vv-bottom-container-3be86ff933e05'\r\n                              class='yasr-vv-bottom-container'\r\n                              style='display:none'><\/div><\/div><!--End Yasr Visitor Votes Shortcode--><\/div>","protected":false},"excerpt":{"rendered":"<p>Pot semblar obvi per\u00f2 aquesta frase ens ve com a anell al dit per comentar una notica que, opinions a banda, sorpr\u00e8n molt a l&#8217;any 2013: \u00a0Les el\u00e8ctriques rebutgen tenir un tel\u00e8fon gratu\u00eft per a clients perqu\u00e8 &#8220;abusarien&#8221;. Unesa creu que suposaria &#8220;crear un cost per a les empreses comercializadoras&#8221; que, a m\u00e9s, &#8220;amb tota [&hellip;]<\/p>\n","protected":false},"author":1,"featured_media":7325,"comment_status":"open","ping_status":"open","sticky":false,"template":"","format":"standard","meta":{"yasr_overall_rating":0,"yasr_post_is_review":"","yasr_auto_insert_disabled":"","yasr_review_type":"","footnotes":""},"categories":[212,218,216,217,208],"tags":[221,222,220,213,223,219],"class_list":["post-7624","post","type-post","status-publish","format-standard","has-post-thumbnail","hentry","category-atencion-al-cliente-ca","category-economia-ca","category-empresa-y-negocio-ca","category-gastos-ca","category-productividad","tag-900-ca","tag-902-ca","tag-atencion-al-cliente-ca","tag-atencion-llamadas-ca","tag-electricas-ca","tag-llamadas-ca"],"yoast_head":"<!-- This site is optimized with the Yoast SEO plugin v26.3 - https:\/\/yoast.com\/wordpress\/plugins\/seo\/ -->\n<title>Tel\u00e8fon d&#039;atenci\u00f3 al client; qui no en t\u00e9 \u00e9s perqu\u00e8 no vol.<\/title>\n<meta name=\"description\" content=\"No hi ha cap manera que una l\u00ednia d&#039;atenci\u00f3 a client repercuteixi negativament. \u00c9s una q\u00fcesti\u00f3 de cuidar la nostra relaci\u00f3 amb els clients.\" \/>\n<meta name=\"robots\" content=\"index, follow, max-snippet:-1, max-image-preview:large, max-video-preview:-1\" \/>\n<link rel=\"canonical\" href=\"https:\/\/www.atenciondellamadas.net\/ca\/telefon-datencio-al-client-qui-no-en-te-es-perque-no-vol\/\" \/>\n<meta property=\"og:locale\" content=\"ca_ES\" \/>\n<meta property=\"og:type\" content=\"article\" \/>\n<meta property=\"og:title\" content=\"Tel\u00e8fon d&#039;atenci\u00f3 al client; qui no en t\u00e9 \u00e9s perqu\u00e8 no vol.\" \/>\n<meta property=\"og:description\" content=\"No hi ha cap manera que una l\u00ednia d&#039;atenci\u00f3 a client repercuteixi negativament. \u00c9s una q\u00fcesti\u00f3 de cuidar la nostra relaci\u00f3 amb els clients.\" \/>\n<meta property=\"og:url\" content=\"https:\/\/www.atenciondellamadas.net\/ca\/telefon-datencio-al-client-qui-no-en-te-es-perque-no-vol\/\" \/>\n<meta property=\"og:site_name\" content=\"Professionals en Atenci\u00f3 Telef\u00f2nica\" \/>\n<meta property=\"article:publisher\" content=\"http:\/\/www.facebook.com\/stksoluciones\" \/>\n<meta property=\"article:published_time\" content=\"2019-11-06T14:20:13+00:00\" \/>\n<meta property=\"og:image\" content=\"http:\/\/www.atenciondellamadas.net\/wp-content\/uploads\/2013\/09\/stk_atencion_llamadas_atencion_clientes_gratuita.png\" \/>\n\t<meta property=\"og:image:width\" content=\"567\" \/>\n\t<meta property=\"og:image:height\" content=\"249\" \/>\n\t<meta property=\"og:image:type\" content=\"image\/png\" \/>\n<meta name=\"author\" content=\"STK Servicios Virtuales\" \/>\n<meta name=\"twitter:card\" content=\"summary_large_image\" \/>\n<meta name=\"twitter:creator\" content=\"@stksoluciones\" \/>\n<meta name=\"twitter:site\" content=\"@stksoluciones\" \/>\n<meta name=\"twitter:label1\" content=\"Escrit per\" \/>\n\t<meta name=\"twitter:data1\" content=\"STK Servicios Virtuales\" \/>\n\t<meta name=\"twitter:label2\" content=\"Temps estimat de lectura\" \/>\n\t<meta name=\"twitter:data2\" content=\"2 minuts\" \/>\n<script type=\"application\/ld+json\" class=\"yoast-schema-graph\">{\"@context\":\"https:\/\/schema.org\",\"@graph\":[{\"@type\":\"Article\",\"@id\":\"https:\/\/www.atenciondellamadas.net\/ca\/telefon-datencio-al-client-qui-no-en-te-es-perque-no-vol\/#article\",\"isPartOf\":{\"@id\":\"https:\/\/www.atenciondellamadas.net\/ca\/telefon-datencio-al-client-qui-no-en-te-es-perque-no-vol\/\"},\"author\":{\"name\":\"STK Servicios Virtuales\",\"@id\":\"https:\/\/www.atenciondellamadas.net\/#\/schema\/person\/1e4cfa217b5cced98d52f2231519e2cc\"},\"headline\":\"Tel\u00e8fon d&#8217;atenci\u00f3 al client; qui no en t\u00e9 \u00e9s perqu\u00e8 no vol.\",\"datePublished\":\"2019-11-06T14:20:13+00:00\",\"mainEntityOfPage\":{\"@id\":\"https:\/\/www.atenciondellamadas.net\/ca\/telefon-datencio-al-client-qui-no-en-te-es-perque-no-vol\/\"},\"wordCount\":371,\"commentCount\":0,\"publisher\":{\"@id\":\"https:\/\/www.atenciondellamadas.net\/#organization\"},\"image\":{\"@id\":\"https:\/\/www.atenciondellamadas.net\/ca\/telefon-datencio-al-client-qui-no-en-te-es-perque-no-vol\/#primaryimage\"},\"thumbnailUrl\":\"https:\/\/www.atenciondellamadas.net\/wp-content\/uploads\/2013\/09\/stk_atencion_llamadas_atencion_clientes_gratuita.png\",\"keywords\":[\"900\",\"902\",\"Atenci\u00f3n al Cliente\",\"atenci\u00f3n llamadas\",\"electricas\",\"llamadas\"],\"articleSection\":[\"Atenci\u00f3n al Cliente\",\"Econom\u00eda\",\"Empresa y Negocio\",\"Gastos\",\"Productividad\"],\"inLanguage\":\"ca\",\"potentialAction\":[{\"@type\":\"CommentAction\",\"name\":\"Comment\",\"target\":[\"https:\/\/www.atenciondellamadas.net\/ca\/telefon-datencio-al-client-qui-no-en-te-es-perque-no-vol\/#respond\"]}]},{\"@type\":\"WebPage\",\"@id\":\"https:\/\/www.atenciondellamadas.net\/ca\/telefon-datencio-al-client-qui-no-en-te-es-perque-no-vol\/\",\"url\":\"https:\/\/www.atenciondellamadas.net\/ca\/telefon-datencio-al-client-qui-no-en-te-es-perque-no-vol\/\",\"name\":\"Tel\u00e8fon d'atenci\u00f3 al client; qui no en t\u00e9 \u00e9s perqu\u00e8 no vol.\",\"isPartOf\":{\"@id\":\"https:\/\/www.atenciondellamadas.net\/#website\"},\"primaryImageOfPage\":{\"@id\":\"https:\/\/www.atenciondellamadas.net\/ca\/telefon-datencio-al-client-qui-no-en-te-es-perque-no-vol\/#primaryimage\"},\"image\":{\"@id\":\"https:\/\/www.atenciondellamadas.net\/ca\/telefon-datencio-al-client-qui-no-en-te-es-perque-no-vol\/#primaryimage\"},\"thumbnailUrl\":\"https:\/\/www.atenciondellamadas.net\/wp-content\/uploads\/2013\/09\/stk_atencion_llamadas_atencion_clientes_gratuita.png\",\"datePublished\":\"2019-11-06T14:20:13+00:00\",\"description\":\"No hi ha cap manera que una l\u00ednia d'atenci\u00f3 a client repercuteixi negativament. \u00c9s una q\u00fcesti\u00f3 de cuidar la nostra relaci\u00f3 amb els clients.\",\"breadcrumb\":{\"@id\":\"https:\/\/www.atenciondellamadas.net\/ca\/telefon-datencio-al-client-qui-no-en-te-es-perque-no-vol\/#breadcrumb\"},\"inLanguage\":\"ca\",\"potentialAction\":[{\"@type\":\"ReadAction\",\"target\":[\"https:\/\/www.atenciondellamadas.net\/ca\/telefon-datencio-al-client-qui-no-en-te-es-perque-no-vol\/\"]}]},{\"@type\":\"ImageObject\",\"inLanguage\":\"ca\",\"@id\":\"https:\/\/www.atenciondellamadas.net\/ca\/telefon-datencio-al-client-qui-no-en-te-es-perque-no-vol\/#primaryimage\",\"url\":\"https:\/\/www.atenciondellamadas.net\/wp-content\/uploads\/2013\/09\/stk_atencion_llamadas_atencion_clientes_gratuita.png\",\"contentUrl\":\"https:\/\/www.atenciondellamadas.net\/wp-content\/uploads\/2013\/09\/stk_atencion_llamadas_atencion_clientes_gratuita.png\",\"width\":567,\"height\":249},{\"@type\":\"BreadcrumbList\",\"@id\":\"https:\/\/www.atenciondellamadas.net\/ca\/telefon-datencio-al-client-qui-no-en-te-es-perque-no-vol\/#breadcrumb\",\"itemListElement\":[{\"@type\":\"ListItem\",\"position\":1,\"name\":\"Inicio\",\"item\":\"https:\/\/www.atenciondellamadas.net\/\"},{\"@type\":\"ListItem\",\"position\":2,\"name\":\"Tel\u00e8fon d&#8217;atenci\u00f3 al client; qui no en t\u00e9 \u00e9s perqu\u00e8 no vol.\"}]},{\"@type\":\"WebSite\",\"@id\":\"https:\/\/www.atenciondellamadas.net\/#website\",\"url\":\"https:\/\/www.atenciondellamadas.net\/\",\"name\":\"Professionals en Atenci\u00f3 Telef\u00f2nica\",\"description\":\"Una trucada telef\u00f2nica pot determinar la primera imatge de la teva empresa.\",\"publisher\":{\"@id\":\"https:\/\/www.atenciondellamadas.net\/#organization\"},\"potentialAction\":[{\"@type\":\"SearchAction\",\"target\":{\"@type\":\"EntryPoint\",\"urlTemplate\":\"https:\/\/www.atenciondellamadas.net\/?s={search_term_string}\"},\"query-input\":{\"@type\":\"PropertyValueSpecification\",\"valueRequired\":true,\"valueName\":\"search_term_string\"}}],\"inLanguage\":\"ca\"},{\"@type\":\"Organization\",\"@id\":\"https:\/\/www.atenciondellamadas.net\/#organization\",\"name\":\"STK Servicios Virtuales\",\"url\":\"https:\/\/www.atenciondellamadas.net\/\",\"logo\":{\"@type\":\"ImageObject\",\"inLanguage\":\"ca\",\"@id\":\"https:\/\/www.atenciondellamadas.net\/#\/schema\/logo\/image\/\",\"url\":\"https:\/\/www.atenciondellamadas.net\/wp-content\/uploads\/2019\/10\/logo.svg\",\"contentUrl\":\"https:\/\/www.atenciondellamadas.net\/wp-content\/uploads\/2019\/10\/logo.svg\",\"width\":274,\"height\":67,\"caption\":\"STK Servicios Virtuales\"},\"image\":{\"@id\":\"https:\/\/www.atenciondellamadas.net\/#\/schema\/logo\/image\/\"},\"sameAs\":[\"http:\/\/www.facebook.com\/stksoluciones\",\"https:\/\/x.com\/stksoluciones\"]},{\"@type\":\"Person\",\"@id\":\"https:\/\/www.atenciondellamadas.net\/#\/schema\/person\/1e4cfa217b5cced98d52f2231519e2cc\",\"name\":\"STK Servicios Virtuales\",\"image\":{\"@type\":\"ImageObject\",\"inLanguage\":\"ca\",\"@id\":\"https:\/\/www.atenciondellamadas.net\/#\/schema\/person\/image\/\",\"url\":\"https:\/\/secure.gravatar.com\/avatar\/8bdec3569fa5358e1db79cdf1f2ae23d?s=96&d=mm&r=g\",\"contentUrl\":\"https:\/\/secure.gravatar.com\/avatar\/8bdec3569fa5358e1db79cdf1f2ae23d?s=96&d=mm&r=g\",\"caption\":\"STK Servicios Virtuales\"}},false]}<\/script>\n<!-- \/ Yoast SEO plugin. -->","yoast_head_json":{"title":"Tel\u00e8fon d'atenci\u00f3 al client; qui no en t\u00e9 \u00e9s perqu\u00e8 no vol.","description":"No hi ha cap manera que una l\u00ednia d'atenci\u00f3 a client repercuteixi negativament. \u00c9s una q\u00fcesti\u00f3 de cuidar la nostra relaci\u00f3 amb els clients.","robots":{"index":"index","follow":"follow","max-snippet":"max-snippet:-1","max-image-preview":"max-image-preview:large","max-video-preview":"max-video-preview:-1"},"canonical":"https:\/\/www.atenciondellamadas.net\/ca\/telefon-datencio-al-client-qui-no-en-te-es-perque-no-vol\/","og_locale":"ca_ES","og_type":"article","og_title":"Tel\u00e8fon d'atenci\u00f3 al client; qui no en t\u00e9 \u00e9s perqu\u00e8 no vol.","og_description":"No hi ha cap manera que una l\u00ednia d'atenci\u00f3 a client repercuteixi negativament. \u00c9s una q\u00fcesti\u00f3 de cuidar la nostra relaci\u00f3 amb els clients.","og_url":"https:\/\/www.atenciondellamadas.net\/ca\/telefon-datencio-al-client-qui-no-en-te-es-perque-no-vol\/","og_site_name":"Professionals en Atenci\u00f3 Telef\u00f2nica","article_publisher":"http:\/\/www.facebook.com\/stksoluciones","article_published_time":"2019-11-06T14:20:13+00:00","og_image":[{"width":567,"height":249,"url":"http:\/\/www.atenciondellamadas.net\/wp-content\/uploads\/2013\/09\/stk_atencion_llamadas_atencion_clientes_gratuita.png","type":"image\/png"}],"author":"STK Servicios Virtuales","twitter_card":"summary_large_image","twitter_creator":"@stksoluciones","twitter_site":"@stksoluciones","twitter_misc":{"Escrit per":"STK Servicios Virtuales","Temps estimat de lectura":"2 minuts"},"schema":{"@context":"https:\/\/schema.org","@graph":[{"@type":"Article","@id":"https:\/\/www.atenciondellamadas.net\/ca\/telefon-datencio-al-client-qui-no-en-te-es-perque-no-vol\/#article","isPartOf":{"@id":"https:\/\/www.atenciondellamadas.net\/ca\/telefon-datencio-al-client-qui-no-en-te-es-perque-no-vol\/"},"author":{"name":"STK Servicios Virtuales","@id":"https:\/\/www.atenciondellamadas.net\/#\/schema\/person\/1e4cfa217b5cced98d52f2231519e2cc"},"headline":"Tel\u00e8fon d&#8217;atenci\u00f3 al client; qui no en t\u00e9 \u00e9s perqu\u00e8 no vol.","datePublished":"2019-11-06T14:20:13+00:00","mainEntityOfPage":{"@id":"https:\/\/www.atenciondellamadas.net\/ca\/telefon-datencio-al-client-qui-no-en-te-es-perque-no-vol\/"},"wordCount":371,"commentCount":0,"publisher":{"@id":"https:\/\/www.atenciondellamadas.net\/#organization"},"image":{"@id":"https:\/\/www.atenciondellamadas.net\/ca\/telefon-datencio-al-client-qui-no-en-te-es-perque-no-vol\/#primaryimage"},"thumbnailUrl":"https:\/\/www.atenciondellamadas.net\/wp-content\/uploads\/2013\/09\/stk_atencion_llamadas_atencion_clientes_gratuita.png","keywords":["900","902","Atenci\u00f3n al Cliente","atenci\u00f3n llamadas","electricas","llamadas"],"articleSection":["Atenci\u00f3n al Cliente","Econom\u00eda","Empresa y Negocio","Gastos","Productividad"],"inLanguage":"ca","potentialAction":[{"@type":"CommentAction","name":"Comment","target":["https:\/\/www.atenciondellamadas.net\/ca\/telefon-datencio-al-client-qui-no-en-te-es-perque-no-vol\/#respond"]}]},{"@type":"WebPage","@id":"https:\/\/www.atenciondellamadas.net\/ca\/telefon-datencio-al-client-qui-no-en-te-es-perque-no-vol\/","url":"https:\/\/www.atenciondellamadas.net\/ca\/telefon-datencio-al-client-qui-no-en-te-es-perque-no-vol\/","name":"Tel\u00e8fon d'atenci\u00f3 al client; qui no en t\u00e9 \u00e9s perqu\u00e8 no vol.","isPartOf":{"@id":"https:\/\/www.atenciondellamadas.net\/#website"},"primaryImageOfPage":{"@id":"https:\/\/www.atenciondellamadas.net\/ca\/telefon-datencio-al-client-qui-no-en-te-es-perque-no-vol\/#primaryimage"},"image":{"@id":"https:\/\/www.atenciondellamadas.net\/ca\/telefon-datencio-al-client-qui-no-en-te-es-perque-no-vol\/#primaryimage"},"thumbnailUrl":"https:\/\/www.atenciondellamadas.net\/wp-content\/uploads\/2013\/09\/stk_atencion_llamadas_atencion_clientes_gratuita.png","datePublished":"2019-11-06T14:20:13+00:00","description":"No hi ha cap manera que una l\u00ednia d'atenci\u00f3 a client repercuteixi negativament. \u00c9s una q\u00fcesti\u00f3 de cuidar la nostra relaci\u00f3 amb els clients.","breadcrumb":{"@id":"https:\/\/www.atenciondellamadas.net\/ca\/telefon-datencio-al-client-qui-no-en-te-es-perque-no-vol\/#breadcrumb"},"inLanguage":"ca","potentialAction":[{"@type":"ReadAction","target":["https:\/\/www.atenciondellamadas.net\/ca\/telefon-datencio-al-client-qui-no-en-te-es-perque-no-vol\/"]}]},{"@type":"ImageObject","inLanguage":"ca","@id":"https:\/\/www.atenciondellamadas.net\/ca\/telefon-datencio-al-client-qui-no-en-te-es-perque-no-vol\/#primaryimage","url":"https:\/\/www.atenciondellamadas.net\/wp-content\/uploads\/2013\/09\/stk_atencion_llamadas_atencion_clientes_gratuita.png","contentUrl":"https:\/\/www.atenciondellamadas.net\/wp-content\/uploads\/2013\/09\/stk_atencion_llamadas_atencion_clientes_gratuita.png","width":567,"height":249},{"@type":"BreadcrumbList","@id":"https:\/\/www.atenciondellamadas.net\/ca\/telefon-datencio-al-client-qui-no-en-te-es-perque-no-vol\/#breadcrumb","itemListElement":[{"@type":"ListItem","position":1,"name":"Inicio","item":"https:\/\/www.atenciondellamadas.net\/"},{"@type":"ListItem","position":2,"name":"Tel\u00e8fon d&#8217;atenci\u00f3 al client; qui no en t\u00e9 \u00e9s perqu\u00e8 no vol."}]},{"@type":"WebSite","@id":"https:\/\/www.atenciondellamadas.net\/#website","url":"https:\/\/www.atenciondellamadas.net\/","name":"Professionals en Atenci\u00f3 Telef\u00f2nica","description":"Una trucada telef\u00f2nica pot determinar la primera imatge de la teva empresa.","publisher":{"@id":"https:\/\/www.atenciondellamadas.net\/#organization"},"potentialAction":[{"@type":"SearchAction","target":{"@type":"EntryPoint","urlTemplate":"https:\/\/www.atenciondellamadas.net\/?s={search_term_string}"},"query-input":{"@type":"PropertyValueSpecification","valueRequired":true,"valueName":"search_term_string"}}],"inLanguage":"ca"},{"@type":"Organization","@id":"https:\/\/www.atenciondellamadas.net\/#organization","name":"STK Servicios Virtuales","url":"https:\/\/www.atenciondellamadas.net\/","logo":{"@type":"ImageObject","inLanguage":"ca","@id":"https:\/\/www.atenciondellamadas.net\/#\/schema\/logo\/image\/","url":"https:\/\/www.atenciondellamadas.net\/wp-content\/uploads\/2019\/10\/logo.svg","contentUrl":"https:\/\/www.atenciondellamadas.net\/wp-content\/uploads\/2019\/10\/logo.svg","width":274,"height":67,"caption":"STK Servicios Virtuales"},"image":{"@id":"https:\/\/www.atenciondellamadas.net\/#\/schema\/logo\/image\/"},"sameAs":["http:\/\/www.facebook.com\/stksoluciones","https:\/\/x.com\/stksoluciones"]},{"@type":"Person","@id":"https:\/\/www.atenciondellamadas.net\/#\/schema\/person\/1e4cfa217b5cced98d52f2231519e2cc","name":"STK Servicios Virtuales","image":{"@type":"ImageObject","inLanguage":"ca","@id":"https:\/\/www.atenciondellamadas.net\/#\/schema\/person\/image\/","url":"https:\/\/secure.gravatar.com\/avatar\/8bdec3569fa5358e1db79cdf1f2ae23d?s=96&d=mm&r=g","contentUrl":"https:\/\/secure.gravatar.com\/avatar\/8bdec3569fa5358e1db79cdf1f2ae23d?s=96&d=mm&r=g","caption":"STK Servicios Virtuales"}},false]}},"yasr_visitor_votes":{"stars_attributes":{"read_only":false,"span_bottom":false},"number_of_votes":0,"sum_votes":0},"_links":{"self":[{"href":"https:\/\/www.atenciondellamadas.net\/ca\/wp-json\/wp\/v2\/posts\/7624","targetHints":{"allow":["GET"]}}],"collection":[{"href":"https:\/\/www.atenciondellamadas.net\/ca\/wp-json\/wp\/v2\/posts"}],"about":[{"href":"https:\/\/www.atenciondellamadas.net\/ca\/wp-json\/wp\/v2\/types\/post"}],"author":[{"embeddable":true,"href":"https:\/\/www.atenciondellamadas.net\/ca\/wp-json\/wp\/v2\/users\/1"}],"replies":[{"embeddable":true,"href":"https:\/\/www.atenciondellamadas.net\/ca\/wp-json\/wp\/v2\/comments?post=7624"}],"version-history":[{"count":0,"href":"https:\/\/www.atenciondellamadas.net\/ca\/wp-json\/wp\/v2\/posts\/7624\/revisions"}],"wp:featuredmedia":[{"embeddable":true,"href":"https:\/\/www.atenciondellamadas.net\/ca\/wp-json\/wp\/v2\/media\/7325"}],"wp:attachment":[{"href":"https:\/\/www.atenciondellamadas.net\/ca\/wp-json\/wp\/v2\/media?parent=7624"}],"wp:term":[{"taxonomy":"category","embeddable":true,"href":"https:\/\/www.atenciondellamadas.net\/ca\/wp-json\/wp\/v2\/categories?post=7624"},{"taxonomy":"post_tag","embeddable":true,"href":"https:\/\/www.atenciondellamadas.net\/ca\/wp-json\/wp\/v2\/tags?post=7624"}],"curies":[{"name":"wp","href":"https:\/\/api.w.org\/{rel}","templated":true}]}}